{"id":1160,"date":"2022-11-20T19:00:26","date_gmt":"2022-11-20T18:00:26","guid":{"rendered":"https:\/\/koloroweraki.pl\/?p=1160"},"modified":"2022-11-20T18:44:01","modified_gmt":"2022-11-20T17:44:01","slug":"czarna-skerpetka","status":"publish","type":"post","link":"https:\/\/koloroweraki.pl\/index.php\/2022\/11\/20\/czarna-skerpetka\/","title":{"rendered":"CZARNA SKERPETKA \ud83e\udde6\u25fc\ufe0f"},"content":{"rendered":"<p>Kiedy minie pierwszy szok po diagnozie, kiedy zrobi si\u0119 pierwsze kroki na drodze leczenia, kiedy w\u015br\u00f3d strachu i smutku zaczyna kie\u0142kowa\u0107 nadzieja na jakie\u015b jutro\u2026<\/p>\n<p>\u2026w\u00f3wczas nast\u0119puje bunt.<\/p>\n<p>To znaczy, przepraszam, bo by\u0107 mo\u017ce uog\u00f3lniam.<br \/>\nPowiem inaczej: u mnie nast\u0105pi\u0142 bunt. \ud83d\ude20<!--more--><\/p>\n<p>W momencie, gdy zach\u0142ysn\u0119\u0142am si\u0119 \u017cyciem na nowo i ka\u017cda jego chwila sta\u0142a mi si\u0119 dro\u017csza ni\u017c kiedykolwiek wcze\u015bniej, zabrak\u0142o miejsca na kompromisy.\ud83d\ude4d\u200d\u2640\ufe0f<\/p>\n<p>Otworzy\u0142y mi si\u0119 oczy na wszystkie drobne i mniej drobne codzienne dysonanse i stwierdzi\u0142am, \u017ce nie chc\u0119 ju\u017c sobie na nie pozwala\u0107.<\/p>\n<p>\u27a1\ufe0f Je\u015bli zawodowo si\u0119 m\u0119czy\u0142am, to nie chc\u0119 m\u0119czy\u0107 si\u0119 ju\u017c nigdy wi\u0119cej\u2026<br \/>\n\u27a1\ufe0f Je\u015bli kto\u015b przy mnie siorba\u0142 przy jedzeniu, to ju\u017c nie chc\u0119 z nim je\u015b\u0107 przy jednym stole\u2026<br \/>\n\u27a1\ufe0f Je\u015bli pani sprzedawczyni jest niezbyt kulturalna, to do samej Bydgoszczy b\u0119d\u0119 je\u017adzi\u0107 po marchewk\u0119, ale u niej nie kupi\u0119\u2026<br \/>\n\u27a1\ufe0f Je\u015bli kto\u015b nie dba o moje rzeczy, to ja nie zamierzam dba\u0107 o jego\u2026<\/p>\n<p>W\u0142\u0105czy\u0142a mi si\u0119 jaka\u015b zadziwiaj\u0105ca asertywno\u015b\u0107 na niebywa\u0142ym dla mnie poziomie. Na poziomie nienaturalnie wysokim. \ud83d\ude46\u200d\u2642\ufe0f<\/p>\n<p>By\u0142am w stanie rozwie\u015b\u0107 si\u0119 o czarn\u0105 skarpetk\u0119 wrzucon\u0105 do jasnego prania i wyrzec potomk\u00f3w za poplamion\u0105 bluzk\u0119.<\/p>\n<p>Ale powiem Wam, \u017ce mimo swej absurdalno\u015bci (bo naprawd\u0119 by\u0142am gotowa masowo \u201ewylewa\u0107 dzieci z k\u0105piel\u0105\u201d \ud83d\ude48) to by\u0142 \u015bwietny czas! Pozwoli\u0142 mi przyjrze\u0107 si\u0119 moim prawdziwym potrzebom. Da\u0142 mi szans\u0119, by zatrzyma\u0107 si\u0119 i zastanowi\u0107, co tak naprawd\u0119 stoi za t\u0105 z\u0142o\u015bci\u0105 o czasem b\u0142ahe sprawy.<\/p>\n<p>A jak ju\u017c sama sobie odpowiedzia\u0142am, czego tak naprawd\u0119 potrzebuj\u0119, to uda\u0142o si\u0119 znale\u017a\u0107 rozs\u0105dniejsze rozwi\u0105zania ni\u017c te, kt\u00f3re w pierwszej chwili podpowiada\u0142 mi rozjuszony umys\u0142. \ud83e\udec2<\/p>\n<hr \/>\n<p>&nbsp;<\/p>\n<p><span style=\"color: #333333;\"><em>\ud83e\uddd0 To co? Uog\u00f3lni\u0142am, czy mo\u017ce te\u017c tak macie\/mieli\u015bcie? Jestem bardzo ciekawa! Dajcie zna\u0107 pod dzisiejszym postem na blogu na FB.<\/em><\/span><\/p>\n<p><img loading=\"lazy\" class=\"alignnone size-full wp-image-1161\" src=\"https:\/\/koloroweraki.pl\/wp-content\/uploads\/2022\/11\/1668963442899-scaled.jpg\" alt=\"\" width=\"1901\" height=\"2560\" srcset=\"https:\/\/koloroweraki.pl\/wp-content\/uploads\/2022\/11\/1668963442899-scaled.jpg 1901w, https:\/\/koloroweraki.pl\/wp-content\/uploads\/2022\/11\/1668963442899-223x300.jpg 223w, https:\/\/koloroweraki.pl\/wp-content\/uploads\/2022\/11\/1668963442899-760x1024.jpg 760w, https:\/\/koloroweraki.pl\/wp-content\/uploads\/2022\/11\/1668963442899-768x1034.jpg 768w, https:\/\/koloroweraki.pl\/wp-content\/uploads\/2022\/11\/1668963442899-1140x1536.jpg 1140w, https:\/\/koloroweraki.pl\/wp-content\/uploads\/2022\/11\/1668963442899-1520x2048.jpg 1520w\" sizes=\"(max-width: 767px) 89vw, (max-width: 1000px) 54vw, (max-width: 1071px) 543px, 580px\" \/><\/p>\n","protected":false},"excerpt":{"rendered":"<p>Kiedy minie pierwszy szok po diagnozie, kiedy zrobi si\u0119 pierwsze kroki na drodze leczenia, kiedy w\u015br\u00f3d strachu i smutku zaczyna kie\u0142kowa\u0107 nadzieja na jakie\u015b jutro\u2026 \u2026w\u00f3wczas nast\u0119puje bunt. To znaczy, przepraszam, bo by\u0107 mo\u017ce uog\u00f3lniam. Powiem inaczej: u mnie nast\u0105pi\u0142 bunt. \ud83d\ude20<\/p>\n","protected":false},"author":1,"featured_media":1162,"comment_status":"closed","ping_status":"open","sticky":false,"template":"","format":"standard","meta":[],"categories":[1],"tags":[567,565,568,566,569],"_links":{"self":[{"href":"https:\/\/koloroweraki.pl\/index.php\/wp-json\/wp\/v2\/posts\/1160"}],"collection":[{"href":"https:\/\/koloroweraki.pl\/index.php\/wp-json\/wp\/v2\/posts"}],"about":[{"href":"https:\/\/koloroweraki.pl\/index.php\/wp-json\/wp\/v2\/types\/post"}],"author":[{"embeddable":true,"href":"https:\/\/koloroweraki.pl\/index.php\/wp-json\/wp\/v2\/users\/1"}],"replies":[{"embeddable":true,"href":"https:\/\/koloroweraki.pl\/index.php\/wp-json\/wp\/v2\/comments?post=1160"}],"version-history":[{"count":1,"href":"https:\/\/koloroweraki.pl\/index.php\/wp-json\/wp\/v2\/posts\/1160\/revisions"}],"predecessor-version":[{"id":1163,"href":"https:\/\/koloroweraki.pl\/index.php\/wp-json\/wp\/v2\/posts\/1160\/revisions\/1163"}],"wp:featuredmedia":[{"embeddable":true,"href":"https:\/\/koloroweraki.pl\/index.php\/wp-json\/wp\/v2\/media\/1162"}],"wp:attachment":[{"href":"https:\/\/koloroweraki.pl\/index.php\/wp-json\/wp\/v2\/media?parent=1160"}],"wp:term":[{"taxonomy":"category","embeddable":true,"href":"https:\/\/koloroweraki.pl\/index.php\/wp-json\/wp\/v2\/categories?post=1160"},{"taxonomy":"post_tag","embeddable":true,"href":"https:\/\/koloroweraki.pl\/index.php\/wp-json\/wp\/v2\/tags?post=1160"}],"curies":[{"name":"wp","href":"https:\/\/api.w.org\/{rel}","templated":true}]}}