{"id":1320,"date":"2023-03-26T17:00:39","date_gmt":"2023-03-26T15:00:39","guid":{"rendered":"https:\/\/koloroweraki.pl\/?p=1320"},"modified":"2023-03-26T17:20:57","modified_gmt":"2023-03-26T15:20:57","slug":"fioletowe-paluchy","status":"publish","type":"post","link":"https:\/\/koloroweraki.pl\/index.php\/2023\/03\/26\/fioletowe-paluchy\/","title":{"rendered":"FIOLETOWE PALUCHY \ud83e\uded0"},"content":{"rendered":"<p>Zachwyca mnie ludzki organizm i przera\u017ca w\u0142asna ignorancja. O ignorancji pisz\u0119 troch\u0119 wstecznie, bo wydaje mi si\u0119, \u017ce w tej kwestii zrobi\u0142am wielkie milowe kroki w dobr\u0105 stron\u0119. \ud83d\udc4c<\/p>\n<p>\ud83d\udcf7 Znalaz\u0142am dzisiaj to zdj\u0119cie. Zosta\u0142o zrobione w czasie, kiedy ju\u017c by\u0142am chora na raka piersi, ale jeszcze nie uda\u0142o mi si\u0119 tej wiedzy od lekarza uzyska\u0107. \ud83d\ude44<\/p>\n<p>Patrz\u0119 na to zdj\u0119cie i wiecie, co zwraca moj\u0105 uwag\u0119? \ud83e\uddd0<!--more--><\/p>\n<p>Wcale nie fioletowe paluchy \u2013 one akurat by\u0142y wynikow\u0105 zbierania jag\u00f3d. \ud83e\uded0<\/p>\n<p>Przygl\u0105dam si\u0119 swoim w\u0142osom. \ud83e\uddd0<\/p>\n<p>To jest niesamowite, w jak z\u0142ym by\u0142y wtedy stanie! \ud83d\ude46\u200d\u2642\ufe0f I nie chodzi mi o to, \u017ceby\u015bcie mi teraz pisali \u201eco ty m\u00f3wisz, wygl\u0105da\u0142a\u015b pi\u0119knie\u201d, \u201edaj spok\u00f3j, nie by\u0142y z\u0142e\u201d, \u201eb\u0142agam, ja zawsze mia\u0142am du\u017co cie\u0144sze i rzadsze\u201d. Chodzi o to, \u017ce na tym zdj\u0119ciu moje w\u0142osy NAPRAWD\u0118 s\u0105 w op\u0142akanym stanie, W POR\u00d3WNANIU do fryzury na przyk\u0142ad rok wcze\u015bniej, kiedy by\u0142y du\u017co g\u0119stsze, mocniejsze, b\u0142yszcz\u0105ce i pe\u0142ne \u017cycia.<\/p>\n<p>\ud83d\udce3 Tutaj one krzycz\u0105 \u201ehalo, dzieje si\u0119 co\u015b z\u0142ego!\u201d.<\/p>\n<p>Nie widzia\u0142am tego wtedy. \ud83d\ude48 To znaczy mo\u017ce inaczej \u2013 widzia\u0142am, ale k\u0142ad\u0142am na karb bardzo stresuj\u0105cej w\u00f3wczas pracy.<\/p>\n<p>Tak jak m\u00f3wi\u0119, wiele si\u0119 zmieni\u0142o w moim postrzeganiu sygna\u0142\u00f3w p\u0142yn\u0105cych z mojego cia\u0142a. Widz\u0119, kiedy zmienia mi si\u0119 cera, \u0142ami\u0105 paznokcie, czy robi\u0105 worki pod oczami. Wiem, \u017ce to sygna\u0142y ostrzegawcze. Niekoniecznie od razu nawrotu choroby. Cz\u0119sto tego, \u017ce za ma\u0142o pi\u0142am, gorzej komponowa\u0142am posi\u0142ki lub \u017ale spa\u0142am.<\/p>\n<p>\ud83d\udc93 Nauczy\u0142am si\u0119 zauwa\u017ca\u0107.<br \/>\n\ud83d\udc93 Nauczy\u0142am si\u0119 reagowa\u0107.<br \/>\n\ud83d\udc93 Nauczy\u0142am si\u0119 by\u0107 wdzi\u0119czna za ka\u017cdy sygna\u0142.<\/p>\n<p>Moje cia\u0142o jest wspania\u0142e. Wasze te\u017c. \u017byjcie z nimi dobrze.<\/p>\n<hr \/>\n<p><span style=\"color: #333399;\"><em>Dajcie zna\u0107 w komentarzach pod dzisiejszym postem na <span style=\"color: #333399;\"><a style=\"color: #333399;\" href=\"https:\/\/www.facebook.com\/koloroweraki\" target=\"_blank\" rel=\"noopener\">blogu na FB<\/a><\/span>, czy Wasze cia\u0142a te\u017c wysy\u0142aj\u0105 sygna\u0142y ostrzegawcze?\u00a0 Zauwa\u017cacie je? Jak reagujecie?<\/em><\/span><\/p>\n<p><img loading=\"lazy\" class=\"alignnone size-full wp-image-1321\" src=\"https:\/\/koloroweraki.pl\/wp-content\/uploads\/2023\/03\/fioletowe-paluchy.jpg\" alt=\"\" width=\"1134\" height=\"850\" srcset=\"https:\/\/koloroweraki.pl\/wp-content\/uploads\/2023\/03\/fioletowe-paluchy.jpg 1134w, https:\/\/koloroweraki.pl\/wp-content\/uploads\/2023\/03\/fioletowe-paluchy-300x225.jpg 300w, https:\/\/koloroweraki.pl\/wp-content\/uploads\/2023\/03\/fioletowe-paluchy-1024x768.jpg 1024w, https:\/\/koloroweraki.pl\/wp-content\/uploads\/2023\/03\/fioletowe-paluchy-768x576.jpg 768w\" sizes=\"(max-width: 767px) 89vw, (max-width: 1000px) 54vw, (max-width: 1071px) 543px, 580px\" \/><\/p>\n","protected":false},"excerpt":{"rendered":"<p>Zachwyca mnie ludzki organizm i przera\u017ca w\u0142asna ignorancja. O ignorancji pisz\u0119 troch\u0119 wstecznie, bo wydaje mi si\u0119, \u017ce w tej kwestii zrobi\u0142am wielkie milowe kroki w dobr\u0105 stron\u0119. \ud83d\udc4c \ud83d\udcf7 Znalaz\u0142am dzisiaj to zdj\u0119cie. Zosta\u0142o zrobione w czasie, kiedy ju\u017c by\u0142am chora na raka piersi, ale jeszcze nie uda\u0142o mi si\u0119 tej wiedzy od lekarza &hellip; <\/p>\n<p class=\"link-more\"><a href=\"https:\/\/koloroweraki.pl\/index.php\/2023\/03\/26\/fioletowe-paluchy\/\" class=\"more-link\">Czytaj dalej<span class=\"screen-reader-text\"> FIOLETOWE PALUCHY \ud83e\uded0<\/span><\/a><\/p>\n","protected":false},"author":1,"featured_media":1321,"comment_status":"closed","ping_status":"open","sticky":false,"template":"","format":"standard","meta":[],"categories":[6],"tags":[277,134,639,642,640,638,641,637],"_links":{"self":[{"href":"https:\/\/koloroweraki.pl\/index.php\/wp-json\/wp\/v2\/posts\/1320"}],"collection":[{"href":"https:\/\/koloroweraki.pl\/index.php\/wp-json\/wp\/v2\/posts"}],"about":[{"href":"https:\/\/koloroweraki.pl\/index.php\/wp-json\/wp\/v2\/types\/post"}],"author":[{"embeddable":true,"href":"https:\/\/koloroweraki.pl\/index.php\/wp-json\/wp\/v2\/users\/1"}],"replies":[{"embeddable":true,"href":"https:\/\/koloroweraki.pl\/index.php\/wp-json\/wp\/v2\/comments?post=1320"}],"version-history":[{"count":2,"href":"https:\/\/koloroweraki.pl\/index.php\/wp-json\/wp\/v2\/posts\/1320\/revisions"}],"predecessor-version":[{"id":1323,"href":"https:\/\/koloroweraki.pl\/index.php\/wp-json\/wp\/v2\/posts\/1320\/revisions\/1323"}],"wp:featuredmedia":[{"embeddable":true,"href":"https:\/\/koloroweraki.pl\/index.php\/wp-json\/wp\/v2\/media\/1321"}],"wp:attachment":[{"href":"https:\/\/koloroweraki.pl\/index.php\/wp-json\/wp\/v2\/media?parent=1320"}],"wp:term":[{"taxonomy":"category","embeddable":true,"href":"https:\/\/koloroweraki.pl\/index.php\/wp-json\/wp\/v2\/categories?post=1320"},{"taxonomy":"post_tag","embeddable":true,"href":"https:\/\/koloroweraki.pl\/index.php\/wp-json\/wp\/v2\/tags?post=1320"}],"curies":[{"name":"wp","href":"https:\/\/api.w.org\/{rel}","templated":true}]}}