{"id":1374,"date":"2023-05-26T11:17:05","date_gmt":"2023-05-26T09:17:05","guid":{"rendered":"https:\/\/koloroweraki.pl\/?p=1374"},"modified":"2023-05-26T11:17:05","modified_gmt":"2023-05-26T09:17:05","slug":"bukiety-czerwonych-makow","status":"publish","type":"post","link":"https:\/\/koloroweraki.pl\/index.php\/2023\/05\/26\/bukiety-czerwonych-makow\/","title":{"rendered":"BUKIETY CZERWONYCH MAK\u00d3W \ud83c\udf3a"},"content":{"rendered":"<p>Temat emocji wok\u00f3\u0142 choroby onkologicznej jest niezwykle delikatny. Cz\u0119sto jedno zdanie budzi skrajne emocje. \ud83e\udd79\ud83d\ude0d\ud83d\ude21\ud83d\ude44<\/p>\n<p>\ud83d\udc49 Dla mnie jednym z takich zda\u0144 jest \u201eMasz dla kogo \u017cy\u0107!\u201d wypowiedziane w kontek\u015bcie macierzy\u0144stwa czy ojcostwa osoby, kt\u00f3ra zachorowa\u0142a na nowotw\u00f3r z\u0142o\u015bliwy.<!--more--><\/p>\n<p>Sama jestem mam\u0105 dw\u00f3ch m\u0142odzie\u0144c\u00f3w \ud83e\uddd1\ud83d\udc71\u200d\u2642\ufe0f, starszy z nich urodzi\u0142 si\u0119 mi\u0119dzy czwartym a pi\u0105tym cyklem mojej chemioterapii.<\/p>\n<p>Rola mamy wydaje mi si\u0119 by\u0107 najwa\u017cniejsz\u0105 w moim \u017cyciu. \ud83e\udd70 Kiedy przechodzi\u0142am oba leczenia onkologiczne, kiedy szuka\u0142am w sobie si\u0142y, kiedy my\u015bla\u0142am o przysz\u0142o\u015bci, moje dzieci by\u0142y na pewno olbrzymim motywatorem. Pragn\u0119 im towarzyszy\u0107 jeszcze przez d\u0142ugie lata i nie potrafi\u0119 oddzieli\u0107 my\u015blenia o swoich rokowaniach od my\u015blenia o ich przysz\u0142o\u015bci. Tak, mam dla kogo \u017cy\u0107.<\/p>\n<p>R\u00f3wnocze\u015bnie cz\u0119sto czu\u0142am jaki\u015b taki wewn\u0119trzny bunt, kiedy s\u0142ysza\u0142am te s\u0142owa. \ud83d\ude20 Rola mamy, cho\u0107, jak m\u00f3wi\u0119 &#8211; szalenie wa\u017cna, cudowna i wymarzona, nie jest moj\u0105 jedyn\u0105 rol\u0105 \u017cyciow\u0105. Jestem te\u017c \u017con\u0105, c\u00f3rk\u0105, s\u0105siadk\u0105, blogerk\u0105, tenisistk\u0105, kole\u017cank\u0105, opiekunk\u0105, przyjaci\u00f3\u0142k\u0105\u2026 Te wszystkie aspekty mojego \u017cycia r\u00f3wnie\u017c s\u0105 dla mnie bardzo istotne i nie chc\u0119, by by\u0142y spychane na dalszy plan. \ud83e\udd37\u200d\u2640\ufe0f Nie chc\u0119 \u017cy\u0107 wy\u0142\u0105cznie dlatego, by \u201eodchowa\u0107 m\u0142ode\u201d, ale te\u017c po to, by przesadza\u0107 sadzonki papryki, g\u0142aska\u0107 koty, zbiera\u0107 bukiety czerwonych mak\u00f3w i pojecha\u0107 w ko\u0144cu zim\u0105 nad morze!<\/p>\n<p>A jeszcze wi\u0119kszy dysonans czuj\u0119, my\u015bl\u0105c o tych s\u0142owach, kiedy pr\u00f3buj\u0119 si\u0119 wczu\u0107 w rol\u0119 os\u00f3b bezdzietnych, kt\u00f3re r\u00f3wnie\u017c zachorowa\u0142y na raka. Zastanawiam si\u0119, jak one si\u0119 czuj\u0105, gdy s\u0142ysz\u0105 takie has\u0142a wypowiadane w rozmowach do innych pacjentek w poczekalni onkologicznej? \ud83e\udd26\u200d\u2640\ufe0f Czy to nie jest deprymuj\u0105ce? \ud83e\uddd0<\/p>\n<p>Ka\u017cdy, kto zachorowa\u0142 ma dla kogo \u017cy\u0107! Nasze \u017cycia wi\u0105\u017c\u0105 si\u0119 z r\u00f3\u017cnymi rolami \u2013 dla niekt\u00f3rych os\u00f3b b\u0119dzie to rola mamy czy taty, ale przecie\u017c nie dla wszystkich. \ud83e\udd37\u200d\u2640\ufe0f<\/p>\n<p>I tak sobie my\u015bl\u0119, \u017ce aby mie\u0107 si\u0142y do podj\u0119cia trud\u00f3w leczenia i m\u00f3c patrze\u0107 z nadziej\u0105 na kolejne dni, trzeba najpierw mocno uwierzy\u0107 w samego siebie.<br \/>\n\u2764\ufe0f W to, \u017ce ka\u017cdy z nas jest tak samo wa\u017cny.<br \/>\n\u2764\ufe0f \u017be ka\u017cda rola jest istotna.<br \/>\n\u2764\ufe0f I \u017ce najwa\u017cniejsza osoba, dla kt\u00f3rej mamy \u017cy\u0107, jest w naszym lustrze.<\/p>\n<hr \/>\n<p><span style=\"color: #ff0000;\"><em>Opowiedzcie prosz\u0119 w komentarzach pod dzisiejszym postem na blogu na FB, jak postrzegacie swoj\u0105 rol\u0119 Rodzic\u00f3w lub Nierodzic\u00f3w w kontek\u015bcie leczenia onkologicznego.<\/em><\/span><\/p>\n<p><img loading=\"lazy\" class=\"alignnone size-full wp-image-1375\" src=\"https:\/\/koloroweraki.pl\/wp-content\/uploads\/2023\/05\/349224361_5044767298981821_4805636061340810691_n.jpg\" alt=\"\" width=\"720\" height=\"960\" srcset=\"https:\/\/koloroweraki.pl\/wp-content\/uploads\/2023\/05\/349224361_5044767298981821_4805636061340810691_n.jpg 720w, https:\/\/koloroweraki.pl\/wp-content\/uploads\/2023\/05\/349224361_5044767298981821_4805636061340810691_n-225x300.jpg 225w\" sizes=\"(max-width: 720px) 100vw, 720px\" \/><\/p>\n","protected":false},"excerpt":{"rendered":"<p>Temat emocji wok\u00f3\u0142 choroby onkologicznej jest niezwykle delikatny. Cz\u0119sto jedno zdanie budzi skrajne emocje. \ud83e\udd79\ud83d\ude0d\ud83d\ude21\ud83d\ude44 \ud83d\udc49 Dla mnie jednym z takich zda\u0144 jest \u201eMasz dla kogo \u017cy\u0107!\u201d wypowiedziane w kontek\u015bcie macierzy\u0144stwa czy ojcostwa osoby, kt\u00f3ra zachorowa\u0142a na nowotw\u00f3r z\u0142o\u015bliwy.<\/p>\n","protected":false},"author":1,"featured_media":1375,"comment_status":"closed","ping_status":"open","sticky":false,"template":"","format":"standard","meta":[],"categories":[1],"tags":[359,189,190,672,670,673,674,671],"_links":{"self":[{"href":"https:\/\/koloroweraki.pl\/index.php\/wp-json\/wp\/v2\/posts\/1374"}],"collection":[{"href":"https:\/\/koloroweraki.pl\/index.php\/wp-json\/wp\/v2\/posts"}],"about":[{"href":"https:\/\/koloroweraki.pl\/index.php\/wp-json\/wp\/v2\/types\/post"}],"author":[{"embeddable":true,"href":"https:\/\/koloroweraki.pl\/index.php\/wp-json\/wp\/v2\/users\/1"}],"replies":[{"embeddable":true,"href":"https:\/\/koloroweraki.pl\/index.php\/wp-json\/wp\/v2\/comments?post=1374"}],"version-history":[{"count":1,"href":"https:\/\/koloroweraki.pl\/index.php\/wp-json\/wp\/v2\/posts\/1374\/revisions"}],"predecessor-version":[{"id":1376,"href":"https:\/\/koloroweraki.pl\/index.php\/wp-json\/wp\/v2\/posts\/1374\/revisions\/1376"}],"wp:featuredmedia":[{"embeddable":true,"href":"https:\/\/koloroweraki.pl\/index.php\/wp-json\/wp\/v2\/media\/1375"}],"wp:attachment":[{"href":"https:\/\/koloroweraki.pl\/index.php\/wp-json\/wp\/v2\/media?parent=1374"}],"wp:term":[{"taxonomy":"category","embeddable":true,"href":"https:\/\/koloroweraki.pl\/index.php\/wp-json\/wp\/v2\/categories?post=1374"},{"taxonomy":"post_tag","embeddable":true,"href":"https:\/\/koloroweraki.pl\/index.php\/wp-json\/wp\/v2\/tags?post=1374"}],"curies":[{"name":"wp","href":"https:\/\/api.w.org\/{rel}","templated":true}]}}