{"id":1437,"date":"2023-08-27T20:00:52","date_gmt":"2023-08-27T18:00:52","guid":{"rendered":"https:\/\/koloroweraki.pl\/?p=1437"},"modified":"2023-08-27T17:47:57","modified_gmt":"2023-08-27T15:47:57","slug":"na-bialo-tez","status":"publish","type":"post","link":"https:\/\/koloroweraki.pl\/index.php\/2023\/08\/27\/na-bialo-tez\/","title":{"rendered":"NA BIA\u0141O TE\u017b\u2026 \ud83e\udd0d"},"content":{"rendered":"<p>Kochani, Ci, kt\u00f3rzy z Was \u015bledz\u0105 w miar\u0119 na bie\u017c\u0105co moje poczynania w mediach spo\u0142eczno\u015bciowych, zapewne zauwa\u017cyli, \u017ce w ostatnich dniach wi\u0119kszo\u015b\u0107 moich komunikat\u00f3w dotyczy\u0142a jednego tematu \u2013 walki o refundacj\u0119 Enhertu.<\/p>\n<p>Cho\u0107 to lek, kt\u00f3rego (przynajmniej na dzi\u015b) osobi\u015bcie nie potrzebuj\u0119, to bardzo poruszy\u0142a mnie ta oddolna akcja.<\/p>\n<p>Kibicowa\u0142am ju\u017c bardzo mocno <a href=\"https:\/\/www.instagram.com\/olawiederekbaranska\/\" target=\"_blank\" rel=\"noopener\">Oli Wiederek-Bara\u0144skiej<\/a> (\ud83d\ude18), kt\u00f3ra stworzy\u0142a <a href=\"https:\/\/www.petycjeonline.com\/chcezycimiecglos\" target=\"_blank\" rel=\"noopener\">pierwsz\u0105 petycj\u0119 \u2013 t\u0119 do Ministerstwa Zdrowia<\/a>. Kiedy ruszy\u0142a niejako druga fala dzia\u0142a\u0144 Amazonek, postanowi\u0142am si\u0119 zaanga\u017cowa\u0107 bardziej aktywnie.<!--more--><\/p>\n<p>Poniewa\u017c w tej sprawie istotne jest zebranie jak najwi\u0119cej g\u0142os\u00f3w poparcia i jak najliczniejszych podpis\u00f3w pod <a href=\"https:\/\/www.petycjeonline.com\/apel_do_astrazeneca_pharma_poland_w_sprawie_refundacji_enhertu_pozwolcienamzyc\" target=\"_blank\" rel=\"noopener\">drug\u0105 petycj\u0105 \u2013 tym razem kierowan\u0105 do producenta leku<\/a> \u2013 zacz\u0119\u0142am Wam troch\u0119 w tej czarnej koszulce trzymaj\u0105ca kartk\u0119 z odpowiednim hasztagiem \u201ewyskakiwa\u0107 z lod\u00f3wki\u201d.<\/p>\n<p>Przeprasza\u0107 za to nie chc\u0119, bo by\u0142o to zamierzone. \ud83e\udd37\u200d\u2640\ufe0f<\/p>\n<p>Wa\u017cne bowiem, by g\u0142os polskich chorych na raka piersi by\u0142 zauwa\u017cony. \ud83d\udce3 I dzi\u0119ki ca\u0142emu sztabowi zaanga\u017cowanych w t\u0119 akcj\u0119 ludzi, tak si\u0119 sta\u0142o. (Cho\u0107 tryb dokonany mo\u017ce nie jest tu najtrafniejszy, bo \u00f3w sztab swoich dzia\u0142a\u0144 nie ko\u0144czy.)<\/p>\n<p>Pragn\u0119 Was jednak zapewni\u0107, \u017ce nie zapomnia\u0142am o ca\u0142ej reszcie potrzeb pacjent\u00f3w onkologicznych.<\/p>\n<p>\ud83d\udc49 Stara\u0142am si\u0119 na bie\u017c\u0105co informowa\u0107 Was o r\u00f3\u017cnych sprawach na <a href=\"https:\/\/www.facebook.com\/groups\/koloroweraki\" target=\"_blank\" rel=\"noopener\">grupie<\/a>, szkoli\u0142am si\u0119, planowa\u0142am kolejne posty, szykowa\u0142am nast\u0119pne konkursy, stara\u0142am si\u0119 wspiera\u0107 Was z r\u00f3\u017cnymi tematami w prywatnych rozmowach, uczestniczy\u0142am w przygotowaniach do wydarze\u0144, o kt\u00f3rych dopiero za chwil\u0119 us\u0142yszycie\u2026<\/p>\n<p>I cho\u0107 trudno mi by\u0142o rozci\u0105gn\u0105\u0107 dob\u0119 w czasie, to mam nadziej\u0119, \u017ce nie poczuli\u015bcie si\u0119 zaniedbani. \ud83e\udef6<\/p>\n<p>\u25fc\ufe0f\u25fc\ufe0f\u25fc\ufe0f\u25fc\ufe0f\u25fc\ufe0f<br \/>\n\u25fb\ufe0f\u25fb\ufe0f\u25fb\ufe0f\u25fb\ufe0f\u25fb\ufe0f<\/p>\n<p>Ostatnie dni przypomnia\u0142y mi jedn\u0105 bardzo wa\u017cn\u0105 rzecz:<\/p>\n<p>Niekt\u00f3re sprawy wymagaj\u0105 rozg\u0142osu \u2013 tak jak ta z refundacj\u0105. \u261d\ufe0f<\/p>\n<p>Jednak zdecydowana wi\u0119kszo\u015b\u0107 dobrych dzia\u0142a\u0144 dzieje si\u0119 po cichu. \ud83e\udd2b<\/p>\n<p>Nawet nie wiecie, ile fantastycznych rzeczy spotka\u0142o mnie w ostatnich dniach. \ud83e\udd70 Spraw nie oznaczonych \u017cadnymi # ani @, nie oplakatowanych, bez kod\u00f3w QR i artyku\u0142\u00f3w w gazetach. Dzia\u0142a\u0144, kt\u00f3re pozwoli\u0142y mi kilka razy wsta\u0107, cho\u0107 upada\u0142am z impetem. Gest\u00f3w, s\u0142\u00f3w, przytule\u0144, wyraz\u00f3w troski i dowod\u00f3w zaufania. \ud83e\udd79<\/p>\n<p>I powiem Wam, \u017ce z tych ostatnich bardzo intensywnych dni, kiedy ma\u0142o spa\u0142am a du\u017co produkowa\u0142am adrenaliny \ud83d\ude35\u200d\ud83d\udcab i tak najbardziej zapami\u0119tam to, co dzia\u0142o si\u0119 po cichutku.<\/p>\n<p>Dlaczego tym m\u00f3wi\u0119?<\/p>\n<p>Dlatego, \u017ceby\u015bcie pami\u0119tali, \u017ce aby robi\u0107 wielkie rzeczy, nie musicie by\u0107 na pierwszych stronach gazet. Mo\u017cecie cicho szepn\u0105\u0107 \u201ejestem\u201d albo z\u0142apa\u0107 kogo\u015b mocno za r\u0119k\u0119. To ma znaczenie. Ogromne. \ud83e\udd0d<\/p>\n<hr \/>\n<p><span style=\"color: #808080;\"><em>Przy okazji tego posta serdecznie dzi\u0119kuj\u0119 za ka\u017cdy podpis pod obydwiema petycjami, za ka\u017cdy gest wsparcia, pomys\u0142, dobre s\u0142owo.\u00a0<\/em><\/span><\/p>\n<p><img loading=\"lazy\" class=\"alignnone size-full wp-image-1438\" src=\"https:\/\/koloroweraki.pl\/wp-content\/uploads\/2023\/08\/370565778_313216834586394_3982182825561937377_n.jpg\" alt=\"\" width=\"1399\" height=\"1866\" srcset=\"https:\/\/koloroweraki.pl\/wp-content\/uploads\/2023\/08\/370565778_313216834586394_3982182825561937377_n.jpg 1399w, https:\/\/koloroweraki.pl\/wp-content\/uploads\/2023\/08\/370565778_313216834586394_3982182825561937377_n-225x300.jpg 225w, https:\/\/koloroweraki.pl\/wp-content\/uploads\/2023\/08\/370565778_313216834586394_3982182825561937377_n-768x1024.jpg 768w, https:\/\/koloroweraki.pl\/wp-content\/uploads\/2023\/08\/370565778_313216834586394_3982182825561937377_n-1152x1536.jpg 1152w\" sizes=\"(max-width: 767px) 89vw, (max-width: 1000px) 54vw, (max-width: 1071px) 543px, 580px\" \/><\/p>\n","protected":false},"excerpt":{"rendered":"<p>Kochani, Ci, kt\u00f3rzy z Was \u015bledz\u0105 w miar\u0119 na bie\u017c\u0105co moje poczynania w mediach spo\u0142eczno\u015bciowych, zapewne zauwa\u017cyli, \u017ce w ostatnich dniach wi\u0119kszo\u015b\u0107 moich komunikat\u00f3w dotyczy\u0142a jednego tematu \u2013 walki o refundacj\u0119 Enhertu. Cho\u0107 to lek, kt\u00f3rego (przynajmniej na dzi\u015b) osobi\u015bcie nie potrzebuj\u0119, to bardzo poruszy\u0142a mnie ta oddolna akcja. Kibicowa\u0142am ju\u017c bardzo mocno Oli Wiederek-Bara\u0144skiej &hellip; <\/p>\n<p class=\"link-more\"><a href=\"https:\/\/koloroweraki.pl\/index.php\/2023\/08\/27\/na-bialo-tez\/\" class=\"more-link\">Czytaj dalej<span class=\"screen-reader-text\"> NA BIA\u0141O TE\u017b\u2026 \ud83e\udd0d<\/span><\/a><\/p>\n","protected":false},"author":1,"featured_media":1438,"comment_status":"closed","ping_status":"open","sticky":false,"template":"","format":"standard","meta":[],"categories":[1],"tags":[11,730,733,731,729,732],"_links":{"self":[{"href":"https:\/\/koloroweraki.pl\/index.php\/wp-json\/wp\/v2\/posts\/1437"}],"collection":[{"href":"https:\/\/koloroweraki.pl\/index.php\/wp-json\/wp\/v2\/posts"}],"about":[{"href":"https:\/\/koloroweraki.pl\/index.php\/wp-json\/wp\/v2\/types\/post"}],"author":[{"embeddable":true,"href":"https:\/\/koloroweraki.pl\/index.php\/wp-json\/wp\/v2\/users\/1"}],"replies":[{"embeddable":true,"href":"https:\/\/koloroweraki.pl\/index.php\/wp-json\/wp\/v2\/comments?post=1437"}],"version-history":[{"count":1,"href":"https:\/\/koloroweraki.pl\/index.php\/wp-json\/wp\/v2\/posts\/1437\/revisions"}],"predecessor-version":[{"id":1439,"href":"https:\/\/koloroweraki.pl\/index.php\/wp-json\/wp\/v2\/posts\/1437\/revisions\/1439"}],"wp:featuredmedia":[{"embeddable":true,"href":"https:\/\/koloroweraki.pl\/index.php\/wp-json\/wp\/v2\/media\/1438"}],"wp:attachment":[{"href":"https:\/\/koloroweraki.pl\/index.php\/wp-json\/wp\/v2\/media?parent=1437"}],"wp:term":[{"taxonomy":"category","embeddable":true,"href":"https:\/\/koloroweraki.pl\/index.php\/wp-json\/wp\/v2\/categories?post=1437"},{"taxonomy":"post_tag","embeddable":true,"href":"https:\/\/koloroweraki.pl\/index.php\/wp-json\/wp\/v2\/tags?post=1437"}],"curies":[{"name":"wp","href":"https:\/\/api.w.org\/{rel}","templated":true}]}}