{"id":1558,"date":"2024-01-21T19:15:00","date_gmt":"2024-01-21T18:15:00","guid":{"rendered":"https:\/\/koloroweraki.pl\/?p=1558"},"modified":"2024-01-21T18:51:54","modified_gmt":"2024-01-21T17:51:54","slug":"bialy-pieknis","status":"publish","type":"post","link":"https:\/\/koloroweraki.pl\/index.php\/2024\/01\/21\/bialy-pieknis\/","title":{"rendered":"BIA\u0141Y PI\u0118KNI\u015a \ud83e\udd0d"},"content":{"rendered":"<p>Kiedy zosta\u0142am pacjentk\u0105 onkologiczn\u0105, du\u017co zacz\u0119\u0142am s\u0142ysze\u0107 s\u0142\u00f3w o SILE.<\/p>\n<p>\ud83d\udcaa \u017be jestem silna.<br \/>\n\ud83d\udcaa \u017be musz\u0119 by\u0107 silna.<\/p>\n<p>Nie zgadzam si\u0119 z tymi twierdzeniami. Ani nie czuj\u0119 si\u0119 jako\u015b specjalnie silna ani nie uwa\u017cam, \u017ce powinnam trwa\u0107 w nieustaj\u0105cej postawie \u201ena pohybel z rakiem\u201d. Mam prawo do s\u0142abo\u015bci, strachu, zniech\u0119cenia i uwolnienia trudnych emocji. Tak samo, jak w ka\u017cdych innych nie\u0142atwych okoliczno\u015bciach \u017cyciowych. \ud83e\udd37\u200d\u2640\ufe0f<\/p>\n<p>Ale rzeczywi\u015bcie uwa\u017cam, \u017ce nale\u017cy stara\u0107 si\u0119 nie da\u0107 poch\u0142on\u0105\u0107 tej rozpaczy, zniecierpliwieniu czy rezygnacji. Bo wiele (nie, nie wszystko, ale wiele) zale\u017cy od naszego podej\u015bcia do diagnozy czy procesu leczenia. S\u0105dz\u0119, \u017ce warto si\u0119 mobilizowa\u0107 do aktywno\u015bci, do codziennego wysi\u0142ku, do mozolnej rehabilitacji, do zadbania o swoj\u0105 g\u0142ow\u0119 i cia\u0142o.<\/p>\n<p><!--more-->\ud83d\udc15 Bardzo dobrym narz\u0119dziem mobilizuj\u0105cym jest pies.<br \/>\n(Tu pragn\u0119 przeprosi\u0107 \ud83d\ude4f wszystkie psy za nazwanie ich narz\u0119dziami, ale lepsze nie przysz\u0142o mi do g\u0142owy w tym konkretnym kontek\u015bcie.)<\/p>\n<p>W trakcie swojego leczenia mia\u0142am ogromn\u0105 potrzeb\u0119 regularnych spacer\u00f3w \ud83d\udeb6\u200d\u2640\ufe0f \u2013 dla wzmocnienia cia\u0142a, kontroli wagi, dotlenienia, wyj\u015bcia z domu, zanurzenia si\u0119 w przyrodzie, z\u0142apania witaminy D i spokoju w g\u0142owie.<\/p>\n<p>Potrzeb\u0119 mia\u0142am \ud83d\udc4d, ale nie mia\u0142am psa \ud83d\udc4e.<br \/>\nInaczej \u2013 nie mia\u0142am W\u0141ASNEGO psa, ale zaprzyja\u017anionego \u2013 ju\u017c tak.<br \/>\nTen bia\u0142y pi\u0119kni\u015b \ud83e\udd0d ze zdj\u0119cia zabiera\u0142 mnie na swoje spacery.<\/p>\n<p><img loading=\"lazy\" class=\"alignnone size-full wp-image-1559\" src=\"https:\/\/koloroweraki.pl\/wp-content\/uploads\/2024\/01\/3.jpg\" alt=\"\" width=\"940\" height=\"788\" srcset=\"https:\/\/koloroweraki.pl\/wp-content\/uploads\/2024\/01\/3.jpg 940w, https:\/\/koloroweraki.pl\/wp-content\/uploads\/2024\/01\/3-300x251.jpg 300w, https:\/\/koloroweraki.pl\/wp-content\/uploads\/2024\/01\/3-768x644.jpg 768w\" sizes=\"(max-width: 767px) 89vw, (max-width: 1000px) 54vw, (max-width: 1071px) 543px, 580px\" \/><\/p>\n<p>Macie zaprzyja\u017anionego psa? Zaproponujcie mu swoje towarzystwo! \ud83d\udc3e\ud83d\udeb6\u200d\u2640\ufe0f<\/p>\n<p>Nie macie? Nic straconego! Psa mo\u017cna sobie wyobrazi\u0107. Serio. Bo pies to tylko pretekst (zn\u00f3w prosz\u0119 psy o wybaczenie), a tak naprawd\u0119 chodzi o znalezienie motywacji w sobie samym.<\/p>\n<p>Wymy\u015blony pies to nie m\u00f3j pomys\u0142, lecz Anity Wojta\u015b-Jakubowskiej, autorki ksi\u0105\u017cki \u201e<a href=\"https:\/\/onkobaza.pl\/produkty\/nie-ma-jutra\/\" target=\"_blank\" rel=\"noopener\">Nie ma \u017cadnego jutra. Jak rak \u017co\u0142\u0105dka uratowa\u0142 mi \u017cycie<\/a>\u201d. Ten pomys\u0142, jak i zdecydowana wi\u0119kszo\u015b\u0107 tego, co zosta\u0142o opisane przez Anit\u0119, jest mi szalenie bliskie. \ud83e\udef6<\/p>\n<p><img loading=\"lazy\" class=\"alignnone size-full wp-image-1560\" src=\"https:\/\/koloroweraki.pl\/wp-content\/uploads\/2024\/01\/1-1.jpg\" alt=\"\" width=\"940\" height=\"788\" srcset=\"https:\/\/koloroweraki.pl\/wp-content\/uploads\/2024\/01\/1-1.jpg 940w, https:\/\/koloroweraki.pl\/wp-content\/uploads\/2024\/01\/1-1-300x251.jpg 300w, https:\/\/koloroweraki.pl\/wp-content\/uploads\/2024\/01\/1-1-768x644.jpg 768w\" sizes=\"(max-width: 767px) 89vw, (max-width: 1000px) 54vw, (max-width: 1071px) 543px, 580px\" \/><\/p>\n<p>My\u015bl\u0119, \u017ce mo\u017ce spodoba\u0107 si\u0119 i Wam. To nie jest ksi\u0105\u017cka o konkretnej chorobie (cho\u0107 rak jest w\u0105tkiem \u0142\u0105cz\u0105cym j\u0105 w ca\u0142o\u015b\u0107), ale w\u0142a\u015bnie o motywacji, s\u0142abo\u015bci, wolno\u015bci, samotno\u015bci, rado\u015bci, nadziei i o znalezieniu swojej drogi. \u017byciowej, nie tylko tej spacerowej. \ud83d\ude09<\/p>\n<p>\ud83d\udcd8\ud83d\udcd8\ud83d\udcd8 Mam do rozdania trzy egzemplarze. \ud83d\udce3<\/p>\n<hr \/>\n<p><span style=\"color: #634e32;\"><em>Je\u015bli chcecie wzi\u0105\u0107 udzia\u0142 w konkursie, zajrzyjcie na <a style=\"color: #634e32;\" href=\"https:\/\/www.facebook.com\/koloroweraki\" target=\"_blank\" rel=\"noopener\">bloga na FB<\/a> i tam pod dzisiejszym postem napiszcie w komentarzach o swoich sposobach na mo<\/em><em style=\"font-size: 1rem;\">bilizacj\u0119 w trakcie leczenia onkologicznego.<\/em><\/span><\/p>\n<p><span style=\"color: #634e32;\"><em style=\"font-size: 1rem;\">Regulamin konkursu znajdziecie\u00a0<strong><a style=\"color: #634e32;\" href=\"https:\/\/koloroweraki.pl\/index.php\/regulamin-konkursu-bialy-pieknis\/\" target=\"_blank\" rel=\"noopener\">TUTAJ<\/a><\/strong>.\u00a0<\/em><\/span><\/p>\n<p><img loading=\"lazy\" class=\"alignnone size-full wp-image-1561\" src=\"https:\/\/koloroweraki.pl\/wp-content\/uploads\/2024\/01\/Aesthetic-Positive-Book-Quote-Torn-Ripped-Paper-Edges-Instagram-Story.jpg\" alt=\"\" width=\"940\" height=\"788\" srcset=\"https:\/\/koloroweraki.pl\/wp-content\/uploads\/2024\/01\/Aesthetic-Positive-Book-Quote-Torn-Ripped-Paper-Edges-Instagram-Story.jpg 940w, https:\/\/koloroweraki.pl\/wp-content\/uploads\/2024\/01\/Aesthetic-Positive-Book-Quote-Torn-Ripped-Paper-Edges-Instagram-Story-300x251.jpg 300w, https:\/\/koloroweraki.pl\/wp-content\/uploads\/2024\/01\/Aesthetic-Positive-Book-Quote-Torn-Ripped-Paper-Edges-Instagram-Story-768x644.jpg 768w\" sizes=\"(max-width: 767px) 89vw, (max-width: 1000px) 54vw, (max-width: 1071px) 543px, 580px\" \/><\/p>\n<p>&nbsp;<\/p>\n","protected":false},"excerpt":{"rendered":"<p>Kiedy zosta\u0142am pacjentk\u0105 onkologiczn\u0105, du\u017co zacz\u0119\u0142am s\u0142ysze\u0107 s\u0142\u00f3w o SILE. \ud83d\udcaa \u017be jestem silna. \ud83d\udcaa \u017be musz\u0119 by\u0107 silna. Nie zgadzam si\u0119 z tymi twierdzeniami. Ani nie czuj\u0119 si\u0119 jako\u015b specjalnie silna ani nie uwa\u017cam, \u017ce powinnam trwa\u0107 w nieustaj\u0105cej postawie \u201ena pohybel z rakiem\u201d. Mam prawo do s\u0142abo\u015bci, strachu, zniech\u0119cenia i uwolnienia trudnych emocji. &hellip; <\/p>\n<p class=\"link-more\"><a href=\"https:\/\/koloroweraki.pl\/index.php\/2024\/01\/21\/bialy-pieknis\/\" class=\"more-link\">Czytaj dalej<span class=\"screen-reader-text\"> BIA\u0141Y PI\u0118KNI\u015a \ud83e\udd0d<\/span><\/a><\/p>\n","protected":false},"author":1,"featured_media":1559,"comment_status":"closed","ping_status":"open","sticky":false,"template":"","format":"standard","meta":[],"categories":[1,6],"tags":[157,160,260,556,781,625],"_links":{"self":[{"href":"https:\/\/koloroweraki.pl\/index.php\/wp-json\/wp\/v2\/posts\/1558"}],"collection":[{"href":"https:\/\/koloroweraki.pl\/index.php\/wp-json\/wp\/v2\/posts"}],"about":[{"href":"https:\/\/koloroweraki.pl\/index.php\/wp-json\/wp\/v2\/types\/post"}],"author":[{"embeddable":true,"href":"https:\/\/koloroweraki.pl\/index.php\/wp-json\/wp\/v2\/users\/1"}],"replies":[{"embeddable":true,"href":"https:\/\/koloroweraki.pl\/index.php\/wp-json\/wp\/v2\/comments?post=1558"}],"version-history":[{"count":1,"href":"https:\/\/koloroweraki.pl\/index.php\/wp-json\/wp\/v2\/posts\/1558\/revisions"}],"predecessor-version":[{"id":1562,"href":"https:\/\/koloroweraki.pl\/index.php\/wp-json\/wp\/v2\/posts\/1558\/revisions\/1562"}],"wp:featuredmedia":[{"embeddable":true,"href":"https:\/\/koloroweraki.pl\/index.php\/wp-json\/wp\/v2\/media\/1559"}],"wp:attachment":[{"href":"https:\/\/koloroweraki.pl\/index.php\/wp-json\/wp\/v2\/media?parent=1558"}],"wp:term":[{"taxonomy":"category","embeddable":true,"href":"https:\/\/koloroweraki.pl\/index.php\/wp-json\/wp\/v2\/categories?post=1558"},{"taxonomy":"post_tag","embeddable":true,"href":"https:\/\/koloroweraki.pl\/index.php\/wp-json\/wp\/v2\/tags?post=1558"}],"curies":[{"name":"wp","href":"https:\/\/api.w.org\/{rel}","templated":true}]}}