{"id":1568,"date":"2024-02-04T20:14:01","date_gmt":"2024-02-04T19:14:01","guid":{"rendered":"https:\/\/koloroweraki.pl\/?p=1568"},"modified":"2024-02-04T20:14:01","modified_gmt":"2024-02-04T19:14:01","slug":"czarna-skora","status":"publish","type":"post","link":"https:\/\/koloroweraki.pl\/index.php\/2024\/02\/04\/czarna-skora\/","title":{"rendered":"CZARNA SK\u00d3RA \u25fc\ufe0f"},"content":{"rendered":"<p>Nigdy nie by\u0142am radykalistk\u0105. Nawet je\u015bli jestem sama o czym\u015b bezwzgl\u0119dnie przekonana, to dopuszczam stanowisko innych os\u00f3b, rozumiem, \u017ce mo\u017cna my\u015ble\u0107, a tym bardziej czu\u0107 inaczej.<\/p>\n<p>\u017byjemy w czasach, kiedy wielk\u0105 uwag\u0119 przykuwa si\u0119 do s\u0142\u00f3w. \ud83d\udcac Wierszyk o tym, \u017ce \u201eczarn\u0105 sk\u00f3r\u0119 ma ten kole\u017cka\u201d wydaje si\u0119 by\u0107 dzi\u015b niedopuszczalny. Tocz\u0105 si\u0119 boje o feminatywy. Po\u0142owa komentarzy pod rozmaitymi publikacjami dotyczy b\u0142\u0119d\u00f3w interpunkcyjnych czy ortograficznych, a nie tre\u015bci merytorycznej.<br \/>\n\ud83e\udd14 Co jest mod\u0105?<br \/>\n\ud83e\udd14 Co kultur\u0105?<br \/>\n\ud83e\udd14 Co przesad\u0105?<br \/>\n\ud83e\udd14 A co bezwzgl\u0119dn\u0105 konieczno\u015bci?<br \/>\n\ud83e\udd14 Gdzie jest miejsce na kompromisy?<br \/>\n\ud83e\udd14 Kiedy forma przewa\u017ca nad tre\u015bci\u0105?<br \/>\n\ud83e\udd14 Co kszta\u0142tuje zmiany j\u0119zykowe?\u2026<br \/>\nD\u0142ugo by mo\u017cna o tym dyskutowa\u0107. \u261d\ufe0f<\/p>\n<p>Dzi\u015b dyskusje w mediach zdominowa\u0142a sprawa s\u0142owa \u201eWALKA\u201d w kontek\u015bcie \u015bwi\u0119ta 4. lutego. \u2694\ufe0f<br \/>\nWydaje mi si\u0119, \u017ce kiedy\u015b nazwa \u201eDzie\u0144 walki z rakiem\u201d nie budzi\u0142a tylu emocji, co dzi\u015b.<!--more--><\/p>\n<p>Nie lubi\u0119 okre\u015blenia \u201ewalka z rakiem\u201d i wielokrotnie o tym pisa\u0142am.<br \/>\nUwa\u017cam, \u017ce nie powinno by\u0107 narzucane w oficjalnych tytu\u0142ach.<\/p>\n<p>Ale czy to znaczy, \u017ce Ty nie mo\u017cesz walczy\u0107 z rakiem?<br \/>\nOczywi\u015bcie, \u017ce mo\u017cesz! \ud83e\udd17<\/p>\n<p>Je\u015bli czujesz, \u017ce to w danym momencie jest dla Ciebie motywuj\u0105ce \u2013 walcz! Mo\u017cesz skopa\u0107 mu ty\u0142ek, wyzwa\u0107 go na pojedynek na przekle\u0144stwa albo odlicza\u0107 kolejne batalie.<\/p>\n<p>Powiem Wam, \u017ce sama mia\u0142am momenty, kiedy w\u0142a\u015bnie takie bojowe nastawienie by\u0142o mi najbli\u017csze. Co wi\u0119cej, zdarzaj\u0105 si\u0119 i teraz, kiedy pr\u00f3buj\u0119 sobie radzi\u0107 z rozmaitymi konsekwencjami mojego leczenia. \ud83e\udd4a<\/p>\n<p>W moim prote\u015bcie przeciwko okre\u015bleniu \u201ewalka z rakiem\u201d chodzi wy\u0142\u0105cznie o to, by NIE NARZUCA\u0106 takiej postawy odg\u00f3rnie.<br \/>\n\ud83d\udc49 By da\u0107 przestrze\u0144 na radzenie sobie z chorob\u0105 na r\u00f3\u017cne sposoby.<br \/>\n\ud83d\udc49 By nie pi\u0119tnowa\u0107 tych, kt\u00f3rzy nie maj\u0105 si\u0142y na \u017cadne pojedynki.<br \/>\n\ud83d\udc49 By nie podkr\u0119ca\u0107 mocnymi s\u0142owami atmosfery wok\u00f3\u0142 tematu choroby onkologicznej.<br \/>\n\ud83d\udc49 By oficjalne nazwy by\u0142y na tyle neutralne, by dawa\u0142y przestrze\u0144 na prze\u017cycie choroby na rozmaite sposoby.<\/p>\n<p>Dbaj o siebie w najlepszy dla Ciebie spos\u00f3b.<br \/>\nI szanuj to, \u017ce kto\u015b woli sobie radzi\u0107 inaczej.<\/p>\n<hr \/>\n<p><span style=\"color: #993300;\"><em>Daj zna\u0107 w komentarzach pod dzisiejszym poste<span style=\"color: #800000;\">m na <a style=\"color: #800000;\" href=\"https:\/\/www.facebook.com\/koloroweraki\" target=\"_blank\" rel=\"noopener\">blogu na FB<\/a>, czy<\/span> okre\u015blenie walki z rakiem jest bliskie Twojej postawie, czy niekoniecznie.<\/em><\/span><\/p>\n<p><img loading=\"lazy\" class=\"alignnone size-full wp-image-1569\" src=\"https:\/\/koloroweraki.pl\/wp-content\/uploads\/2024\/02\/IMG_20221015_150444-scaled.jpg\" alt=\"\" width=\"1901\" height=\"2560\" srcset=\"https:\/\/koloroweraki.pl\/wp-content\/uploads\/2024\/02\/IMG_20221015_150444-scaled.jpg 1901w, https:\/\/koloroweraki.pl\/wp-content\/uploads\/2024\/02\/IMG_20221015_150444-223x300.jpg 223w, https:\/\/koloroweraki.pl\/wp-content\/uploads\/2024\/02\/IMG_20221015_150444-760x1024.jpg 760w, https:\/\/koloroweraki.pl\/wp-content\/uploads\/2024\/02\/IMG_20221015_150444-768x1034.jpg 768w, https:\/\/koloroweraki.pl\/wp-content\/uploads\/2024\/02\/IMG_20221015_150444-1140x1536.jpg 1140w, https:\/\/koloroweraki.pl\/wp-content\/uploads\/2024\/02\/IMG_20221015_150444-1520x2048.jpg 1520w\" sizes=\"(max-width: 767px) 89vw, (max-width: 1000px) 54vw, (max-width: 1071px) 543px, 580px\" \/><\/p>\n","protected":false},"excerpt":{"rendered":"<p>Nigdy nie by\u0142am radykalistk\u0105. Nawet je\u015bli jestem sama o czym\u015b bezwzgl\u0119dnie przekonana, to dopuszczam stanowisko innych os\u00f3b, rozumiem, \u017ce mo\u017cna my\u015ble\u0107, a tym bardziej czu\u0107 inaczej. \u017byjemy w czasach, kiedy wielk\u0105 uwag\u0119 przykuwa si\u0119 do s\u0142\u00f3w. \ud83d\udcac Wierszyk o tym, \u017ce \u201eczarn\u0105 sk\u00f3r\u0119 ma ten kole\u017cka\u201d wydaje si\u0119 by\u0107 dzi\u015b niedopuszczalny. Tocz\u0105 si\u0119 boje o &hellip; <\/p>\n<p class=\"link-more\"><a href=\"https:\/\/koloroweraki.pl\/index.php\/2024\/02\/04\/czarna-skora\/\" class=\"more-link\">Czytaj dalej<span class=\"screen-reader-text\"> CZARNA SK\u00d3RA \u25fc\ufe0f<\/span><\/a><\/p>\n","protected":false},"author":1,"featured_media":1569,"comment_status":"closed","ping_status":"open","sticky":false,"template":"","format":"standard","meta":[],"categories":[1],"tags":[372,782,784,786,785,783],"_links":{"self":[{"href":"https:\/\/koloroweraki.pl\/index.php\/wp-json\/wp\/v2\/posts\/1568"}],"collection":[{"href":"https:\/\/koloroweraki.pl\/index.php\/wp-json\/wp\/v2\/posts"}],"about":[{"href":"https:\/\/koloroweraki.pl\/index.php\/wp-json\/wp\/v2\/types\/post"}],"author":[{"embeddable":true,"href":"https:\/\/koloroweraki.pl\/index.php\/wp-json\/wp\/v2\/users\/1"}],"replies":[{"embeddable":true,"href":"https:\/\/koloroweraki.pl\/index.php\/wp-json\/wp\/v2\/comments?post=1568"}],"version-history":[{"count":1,"href":"https:\/\/koloroweraki.pl\/index.php\/wp-json\/wp\/v2\/posts\/1568\/revisions"}],"predecessor-version":[{"id":1575,"href":"https:\/\/koloroweraki.pl\/index.php\/wp-json\/wp\/v2\/posts\/1568\/revisions\/1575"}],"wp:featuredmedia":[{"embeddable":true,"href":"https:\/\/koloroweraki.pl\/index.php\/wp-json\/wp\/v2\/media\/1569"}],"wp:attachment":[{"href":"https:\/\/koloroweraki.pl\/index.php\/wp-json\/wp\/v2\/media?parent=1568"}],"wp:term":[{"taxonomy":"category","embeddable":true,"href":"https:\/\/koloroweraki.pl\/index.php\/wp-json\/wp\/v2\/categories?post=1568"},{"taxonomy":"post_tag","embeddable":true,"href":"https:\/\/koloroweraki.pl\/index.php\/wp-json\/wp\/v2\/tags?post=1568"}],"curies":[{"name":"wp","href":"https:\/\/api.w.org\/{rel}","templated":true}]}}