{"id":433,"date":"2021-07-11T10:00:04","date_gmt":"2021-07-11T08:00:04","guid":{"rendered":"https:\/\/koloroweraki.pl\/?p=433"},"modified":"2021-07-10T16:24:41","modified_gmt":"2021-07-10T14:24:41","slug":"niebieskie-oczy","status":"publish","type":"post","link":"https:\/\/koloroweraki.pl\/index.php\/2021\/07\/11\/niebieskie-oczy\/","title":{"rendered":"NIEBIESKIE OCZY \ud83d\udc40"},"content":{"rendered":"<p>Jestem introwertyczk\u0105.<br \/>\nJestem nie\u015bmia\u0142a.<br \/>\nJestem osob\u0105, kt\u00f3ra spuszcza wzrok i stara si\u0119 by\u0107 niewidzialna.<span class=\"text_exposed_show\"><br \/>\nKiedy z kim\u015b rozmawiam, to uciekam spojrzeniem, cz\u0119sto m\u00f3wi\u0119 za cicho.<\/span><\/p>\n<div class=\"text_exposed_show\">\n<p>Kiedy lekarz powiedzia\u0142 mi, \u017ce choruj\u0119 na nowotw\u00f3r z\u0142o\u015bliwy \u2013 by\u0142o inaczej.\u00a0<span class=\"_5mfr\"><span class=\"_6qdm\">\ud83d\ude45\u200d\u2640\ufe0f<\/span><\/span><br \/>\nPodnios\u0142am g\u0142ow\u0119 i rozpaczliwie wpatrywa\u0142am si\u0119 w jego niebieskie oczy, pr\u00f3buj\u0105c z nich co\u015b wyczyta\u0107.\u00a0<span class=\"_5mfr\"><span class=\"_6qdm\">\ud83e\uddd0<\/span><\/span><!--more--><\/p>\n<p>Czeka\u0142am na sygna\u0142, na nadziej\u0119, na dobr\u0105 wiadomo\u015b\u0107.\u00a0<span class=\"_5mfr\"><span class=\"_6qdm\">\ud83d\udc9a<\/span><\/span><\/p>\n<p>Nie doczeka\u0142am si\u0119&#8230; Zamiast stwierdzenia, \u017ce rokowania s\u0105 \u015bwietne, us\u0142ysza\u0142am, \u017ce jest \u017ale.\u00a0<span class=\"_5mfr\"><span class=\"_6qdm\">\ud83d\ude41<\/span><\/span><\/p>\n<p><span class=\"_5mfr\"><span class=\"_6qdm\">\ud83d\udc49<\/span><\/span>\u00a0A potem pad\u0142o pytanie o to, czy mam dzieci.<br \/>\nI to pytanie pad\u0142o w momencie, gdy czeka\u0142am na otuch\u0119. Przepe\u0142niona strachem odczyta\u0142am je jako trosk\u0119, wsp\u00f3\u0142czucie i sugesti\u0119, \u017ce pora si\u0119 z tymi dzie\u0107mi po\u017cegna\u0107.\u00a0<span class=\"_5mfr\"><span class=\"_6qdm\">\ud83d\udc69\u200d\ud83d\udc66\u200d\ud83d\udc66<\/span><\/span><\/p>\n<p>Teraz wiem, \u017ce by\u0142o ono uzasadnione wzgl\u0119dami medycznymi i by\u0142o pytaniem wspania\u0142ego specjalisty, a nie zmartwionego przyjaciela.\u00a0<span class=\"_5mfr\"><span class=\"_6qdm\">\ud83d\udc68\u200d\u2695\ufe0f<\/span><\/span><\/p>\n<p>Komunikacja z lekarzem to dla chorego nie tylko s\u0142owa, ale te\u017c gesty,\u00a0<span class=\"_5mfr\"><span class=\"_6qdm\">\ud83e\udd0f<\/span><\/span>\u00a0grymas twarzy,\u00a0<span class=\"_5mfr\"><span class=\"_6qdm\">\ud83e\udd28<\/span><\/span>\u00a0mrukni\u0119cie\u00a0<span class=\"_5mfr\"><span class=\"_6qdm\">\ud83d\ude20<\/span><\/span>\u00a0czy zawieszenie g\u0142osu.\u00a0<span class=\"_5mfr\"><span class=\"_6qdm\">\ud83e\udd2b<\/span><\/span>\u00a0Cz\u0119sto przypisujemy im niew\u0142a\u015bciwe znaczenie, nadinterpretujemy, martwimy si\u0119 tym, co nie ma znaczenia.<\/p>\n<p>Od czasu, gdy wpatrywa\u0142am si\u0119 w te niebieskie oczy, a moje szkli\u0142y si\u0119 coraz bardziej,\u00a0<span class=\"_5mfr\"><span class=\"_6qdm\">\ud83e\udd7a<\/span><\/span>\u00a0min\u0119\u0142o du\u017co czasu. Miewam si\u0119 dobrze i towarzysz\u0119 moim dzieciom w kolejnych etapach rozwoju, wbrew temu, co wtedy sobie pomy\u015bla\u0142am&#8230;\u00a0<span class=\"_5mfr\"><span class=\"_6qdm\">\ud83d\udc9a<\/span><\/span><span class=\"_5mfr\"><span class=\"_6qdm\">\ud83d\udc9a<\/span><\/span><span class=\"_5mfr\"><span class=\"_6qdm\">\ud83d\udc9a<\/span><\/span><\/p>\n<hr \/>\n<p><span style=\"color: #0000ff;\">Zdarzy\u0142o si\u0119 Wam \u017ale odczyta\u0107 sygna\u0142y od lekarza? Dorobili\u015bcie sobie jak\u0105\u015b nieprawdziw\u0105 teori\u0119? Dajcie zna\u0107 pod postem:<\/span><\/p>\n<p><span style=\"color: #0000ff;\"><a style=\"color: #0000ff;\" href=\"https:\/\/www.facebook.com\/104684551603772\/posts\/192244252847801\/\">https:\/\/www.facebook.com\/104684551603772\/posts\/192244252847801\/<\/a><\/span><\/p>\n<p><img loading=\"lazy\" class=\"alignnone size-full wp-image-434\" src=\"https:\/\/koloroweraki.pl\/wp-content\/uploads\/2021\/07\/215803552_860810534523339_2512959826687519138_n.jpg\" alt=\"\" width=\"696\" height=\"928\" srcset=\"https:\/\/koloroweraki.pl\/wp-content\/uploads\/2021\/07\/215803552_860810534523339_2512959826687519138_n.jpg 696w, https:\/\/koloroweraki.pl\/wp-content\/uploads\/2021\/07\/215803552_860810534523339_2512959826687519138_n-225x300.jpg 225w\" sizes=\"(max-width: 696px) 100vw, 696px\" \/><\/p>\n<\/div>\n<p>&nbsp;<\/p>\n","protected":false},"excerpt":{"rendered":"<p>Jestem introwertyczk\u0105. Jestem nie\u015bmia\u0142a. Jestem osob\u0105, kt\u00f3ra spuszcza wzrok i stara si\u0119 by\u0107 niewidzialna. Kiedy z kim\u015b rozmawiam, to uciekam spojrzeniem, cz\u0119sto m\u00f3wi\u0119 za cicho. Kiedy lekarz powiedzia\u0142 mi, \u017ce choruj\u0119 na nowotw\u00f3r z\u0142o\u015bliwy \u2013 by\u0142o inaczej.\u00a0\ud83d\ude45\u200d\u2640\ufe0f Podnios\u0142am g\u0142ow\u0119 i rozpaczliwie wpatrywa\u0142am si\u0119 w jego niebieskie oczy, pr\u00f3buj\u0105c z nich co\u015b wyczyta\u0107.\u00a0\ud83e\uddd0<\/p>\n","protected":false},"author":1,"featured_media":434,"comment_status":"closed","ping_status":"open","sticky":false,"template":"","format":"standard","meta":[],"categories":[1],"tags":[220,219,217,216,218],"_links":{"self":[{"href":"https:\/\/koloroweraki.pl\/index.php\/wp-json\/wp\/v2\/posts\/433"}],"collection":[{"href":"https:\/\/koloroweraki.pl\/index.php\/wp-json\/wp\/v2\/posts"}],"about":[{"href":"https:\/\/koloroweraki.pl\/index.php\/wp-json\/wp\/v2\/types\/post"}],"author":[{"embeddable":true,"href":"https:\/\/koloroweraki.pl\/index.php\/wp-json\/wp\/v2\/users\/1"}],"replies":[{"embeddable":true,"href":"https:\/\/koloroweraki.pl\/index.php\/wp-json\/wp\/v2\/comments?post=433"}],"version-history":[{"count":1,"href":"https:\/\/koloroweraki.pl\/index.php\/wp-json\/wp\/v2\/posts\/433\/revisions"}],"predecessor-version":[{"id":435,"href":"https:\/\/koloroweraki.pl\/index.php\/wp-json\/wp\/v2\/posts\/433\/revisions\/435"}],"wp:featuredmedia":[{"embeddable":true,"href":"https:\/\/koloroweraki.pl\/index.php\/wp-json\/wp\/v2\/media\/434"}],"wp:attachment":[{"href":"https:\/\/koloroweraki.pl\/index.php\/wp-json\/wp\/v2\/media?parent=433"}],"wp:term":[{"taxonomy":"category","embeddable":true,"href":"https:\/\/koloroweraki.pl\/index.php\/wp-json\/wp\/v2\/categories?post=433"},{"taxonomy":"post_tag","embeddable":true,"href":"https:\/\/koloroweraki.pl\/index.php\/wp-json\/wp\/v2\/tags?post=433"}],"curies":[{"name":"wp","href":"https:\/\/api.w.org\/{rel}","templated":true}]}}