{"id":904,"date":"2022-06-01T09:30:32","date_gmt":"2022-06-01T07:30:32","guid":{"rendered":"https:\/\/koloroweraki.pl\/?p=904"},"modified":"2022-06-06T19:45:26","modified_gmt":"2022-06-06T17:45:26","slug":"czerwone-oczy","status":"publish","type":"post","link":"https:\/\/koloroweraki.pl\/index.php\/2022\/06\/01\/czerwone-oczy\/","title":{"rendered":"CZERWONE OCZY \ud83d\udd34\ud83d\udd34"},"content":{"rendered":"<p>Mamo, a od czego masz raka?<\/p>\n<p>Mamoo, a te w\u0142osy to ci odrosn\u0105?<\/p>\n<p>Mamooo, a dlaczego masz takie czerwone oczy?<\/p>\n<p>Mamoooo, a jak to si\u0119 sta\u0142o, \u017ce nie jeste\u015b ju\u017c taka grubiutka?<\/p>\n<p>Mamooooo, a ta ksi\u0105\u017cka to o paniach, co nie maj\u0105 piersi, bo mia\u0142y raka?<\/p>\n<p>Mamoooooo, a ty umrzesz? \ud83d\ude36<\/p>\n<p><!--more--><\/p>\n<p>Dzieci, to bystrzy obserwatorzy. \ud83e\uddd0 Zadaj\u0105 cz\u0119sto nie\u0142atwe pytania. Ale ja lubi\u0119 te pytania. \ud83e\udd29 Przede wszystkim daj\u0105 pretekst do tego, by samej sobie na nie odpowiedzie\u0107. Upraszczaj\u0105 niejednokrotnie popl\u0105tany spos\u00f3b my\u015blenia. Nazywaj\u0105 sprawy po imieniu.<\/p>\n<p>&nbsp;<\/p>\n<p>Dzi\u015b wszystkim Dzieciom, z okazji dzisiejszego \u015bwi\u0119ta, sk\u0142adam \u017cyczenia \u2013 nieustaj\u0105cej ciekawo\u015bci \u015bwiata, cudownego po\u0142\u0105czenia logiki z fantazj\u0105, beztroski i kolorowego \u015bwiata! \ud83e\udd73\ud83e\udd73\ud83e\udd73<\/p>\n<p>&nbsp;<\/p>\n<hr \/>\n<p><span style=\"color: #ff0000;\">\ud83d\udd34 I przy okazji KONKURS \u2013 tym razem z nagrodami dla Najm\u0142odszych.<\/span><\/p>\n<p><span style=\"color: #ff0000;\">Mam do rozdania 3 egzemplarze \u015bwietnej <a style=\"color: #ff0000;\" href=\"https:\/\/cutt.ly\/0JhA9KZ\" target=\"_blank\" rel=\"noopener\">ksi\u0105\u017cki dla dzieci o zdrowiu doros\u0142ych pt. \u201e<strong>Bujasz babuniu<\/strong>\u201d<\/a>. (kliknijcie w tytu\u0142 i przeczytajcie o niej wi\u0119cej!)<\/span><\/p>\n<p>&nbsp;<\/p>\n<p><span style=\"color: #ff0000;\">\u2139\ufe0f Je\u015bli chcecie zdoby\u0107 nagrod\u0119 dla swojej (lub zaprzyja\u017anionej) Pociechy, to podajcie prosz\u0119 w komentarzu pod <a style=\"color: #ff0000;\" href=\"https:\/\/cutt.ly\/RJOJyOW\" target=\"_blank\" rel=\"noopener\">dzisiejszym wpisem na FB (!)<\/a> jej IMI\u0118 i napiszcie, jak\u0105 ROL\u0118 odgrywa w Waszym dbaniu o swoje zdrowie.<\/span><\/p>\n<p><span style=\"color: #ff0000;\">\ud83e\udd14 Mo\u017ce wspiera s\u0142owem w trakcie leczenia?<\/span><\/p>\n<p><span style=\"color: #ff0000;\">\ud83e\udd14 Mo\u017ce przypomina o badaniach?<\/span><\/p>\n<p><span style=\"color: #ff0000;\">\ud83e\udd14 Mo\u017ce czeka z laurk\u0105, gdy wracacie ze szpitala?<\/span><\/p>\n<p><span style=\"color: #ff0000;\">\ud83e\udd14 Mo\u017ce tuli najmocniej na \u015bwiecie, gdy tego najbardziej Wam trzeba?&#8230;<\/span><\/p>\n<p>&nbsp;<\/p>\n<p><span style=\"color: #ff0000;\"><em>Regulamin konkursu znajdziecie <a href=\"https:\/\/cutt.ly\/2JhSTxh\" target=\"_blank\" rel=\"noopener\">TUTAJ<\/a>.<\/em><\/span><\/p>\n<p><span style=\"color: #ff0000;\"><em>Do autor\u00f3w najciekawszych odpowiedzi pow\u0119druj\u0105 prezenty. Czas na zg\u0142oszenia konkursowe \u2013 do 06.06.2022r. godz. 22:00. \ud83e\udd17<\/em><\/span><\/p>\n<p><img loading=\"lazy\" class=\"alignnone size-full wp-image-900\" src=\"https:\/\/koloroweraki.pl\/wp-content\/uploads\/2022\/06\/284577023_372993978133964_8273103552704370011_n.jpg\" alt=\"\" width=\"1805\" height=\"1805\" srcset=\"https:\/\/koloroweraki.pl\/wp-content\/uploads\/2022\/06\/284577023_372993978133964_8273103552704370011_n.jpg 1805w, https:\/\/koloroweraki.pl\/wp-content\/uploads\/2022\/06\/284577023_372993978133964_8273103552704370011_n-300x300.jpg 300w, https:\/\/koloroweraki.pl\/wp-content\/uploads\/2022\/06\/284577023_372993978133964_8273103552704370011_n-1024x1024.jpg 1024w, https:\/\/koloroweraki.pl\/wp-content\/uploads\/2022\/06\/284577023_372993978133964_8273103552704370011_n-150x150.jpg 150w, https:\/\/koloroweraki.pl\/wp-content\/uploads\/2022\/06\/284577023_372993978133964_8273103552704370011_n-768x768.jpg 768w, https:\/\/koloroweraki.pl\/wp-content\/uploads\/2022\/06\/284577023_372993978133964_8273103552704370011_n-1536x1536.jpg 1536w, https:\/\/koloroweraki.pl\/wp-content\/uploads\/2022\/06\/284577023_372993978133964_8273103552704370011_n-100x100.jpg 100w\" sizes=\"(max-width: 767px) 89vw, (max-width: 1000px) 54vw, (max-width: 1071px) 543px, 580px\" \/><\/p>\n","protected":false},"excerpt":{"rendered":"<p>Mamo, a od czego masz raka? Mamoo, a te w\u0142osy to ci odrosn\u0105? Mamooo, a dlaczego masz takie czerwone oczy? Mamoooo, a jak to si\u0119 sta\u0142o, \u017ce nie jeste\u015b ju\u017c taka grubiutka? Mamooooo, a ta ksi\u0105\u017cka to o paniach, co nie maj\u0105 piersi, bo mia\u0142y raka? Mamoooooo, a ty umrzesz? \ud83d\ude36<\/p>\n","protected":false},"author":1,"featured_media":900,"comment_status":"closed","ping_status":"open","sticky":false,"template":"","format":"standard","meta":[],"categories":[1,6],"tags":[359,157,160,464,463],"_links":{"self":[{"href":"https:\/\/koloroweraki.pl\/index.php\/wp-json\/wp\/v2\/posts\/904"}],"collection":[{"href":"https:\/\/koloroweraki.pl\/index.php\/wp-json\/wp\/v2\/posts"}],"about":[{"href":"https:\/\/koloroweraki.pl\/index.php\/wp-json\/wp\/v2\/types\/post"}],"author":[{"embeddable":true,"href":"https:\/\/koloroweraki.pl\/index.php\/wp-json\/wp\/v2\/users\/1"}],"replies":[{"embeddable":true,"href":"https:\/\/koloroweraki.pl\/index.php\/wp-json\/wp\/v2\/comments?post=904"}],"version-history":[{"count":4,"href":"https:\/\/koloroweraki.pl\/index.php\/wp-json\/wp\/v2\/posts\/904\/revisions"}],"predecessor-version":[{"id":925,"href":"https:\/\/koloroweraki.pl\/index.php\/wp-json\/wp\/v2\/posts\/904\/revisions\/925"}],"wp:featuredmedia":[{"embeddable":true,"href":"https:\/\/koloroweraki.pl\/index.php\/wp-json\/wp\/v2\/media\/900"}],"wp:attachment":[{"href":"https:\/\/koloroweraki.pl\/index.php\/wp-json\/wp\/v2\/media?parent=904"}],"wp:term":[{"taxonomy":"category","embeddable":true,"href":"https:\/\/koloroweraki.pl\/index.php\/wp-json\/wp\/v2\/categories?post=904"},{"taxonomy":"post_tag","embeddable":true,"href":"https:\/\/koloroweraki.pl\/index.php\/wp-json\/wp\/v2\/tags?post=904"}],"curies":[{"name":"wp","href":"https:\/\/api.w.org\/{rel}","templated":true}]}}