{"id":911,"date":"2022-06-05T09:00:08","date_gmt":"2022-06-05T07:00:08","guid":{"rendered":"https:\/\/koloroweraki.pl\/?p=911"},"modified":"2022-06-06T19:46:53","modified_gmt":"2022-06-06T17:46:53","slug":"gdy-czern-zakrywa-inne-kolory","status":"publish","type":"post","link":"https:\/\/koloroweraki.pl\/index.php\/2022\/06\/05\/gdy-czern-zakrywa-inne-kolory\/","title":{"rendered":"GDY CZER\u0143 ZAKRYWA INNE KOLORY \ud83d\ude48"},"content":{"rendered":"<p>Czy ja nie miewam chwil zw\u0105tpienia?<\/p>\n<p>Oczywi\u015bcie, \u017ce miewam!<\/p>\n<p>Przesz\u0142am ju\u017c niejeden kryzys emocjonalny. Bywa\u0142y dni, \u017ce wy\u0142am w poduszk\u0119 i nie mia\u0142am si\u0142y si\u0119 podnie\u015b\u0107. \ud83e\udd37 Mia\u0142am momenty, gdy by\u0142o mi tak \u017ale, \u017ce czer\u0144 zakrywa\u0142a mi inne kolory. \ud83d\ude48<\/p>\n<p>\ud83d\udce3 Chc\u0119 o tym m\u00f3wi\u0107 g\u0142o\u015bno i otwarcie.<\/p>\n<p><!--more--><br \/>\n1\ufe0f\u20e3 Z jednej strony dlatego, \u017ceby\u015bcie nie traktowali mnie jak kosmitk\u0119, z kt\u00f3r\u0105 trudno si\u0119 identyfikowa\u0107, bo \u201eja przecie\u017c nie mam tyle si\u0142y, co ona\u201d.<\/p>\n<p>2\ufe0f\u20e3 Z drugiej \u2013 \u017ceby pokaza\u0107 Wam, \u017ce z kryzysu da si\u0119 wyj\u015b\u0107. Czasem potrzebny jest czas, czasem jaki\u015b bodziec, czasem rakieta tenisowa, czasem wsparcie najbli\u017cszych, czasem psychologa, a czasem leki od psychiatry. Korzysta\u0142am ze wszystkich tych opcji i z wielu korzystam nadal.<\/p>\n<p>Nie pami\u0119tam, gdzie przeczyta\u0142am te s\u0142owa, ale zapad\u0142y mi w pami\u0119\u0107 \u2013 kto\u015b kiedy\u015b napisa\u0142, \u017ce da si\u0119 wyj\u015b\u0107 nawet z bardzo g\u0142\u0119bokiego do\u0142ka, cho\u0107by si\u0119 mia\u0142o zrobi\u0107 drabin\u0119 z w\u0142asnych majtek. \ud83e\ude72 Robi\u0119, co mog\u0119, by ocali\u0107 Wasze majtki i wskaza\u0107 Wam wygodniejsze opcje uzyskania pomocy.<\/p>\n<p>Ostatnio dopad\u0142 mnie kryzys zwi\u0105zany nie tyle z moim stanem zdrowia, co w\u0142a\u015bnie z tym, co robi\u0119 tu \u2013 na Kolorowych rakach.<\/p>\n<p>Po tym, jak FB po raz kolejny ukara\u0142 mnie uci\u0119ciem zasi\u0119g\u00f3w \ud83e\udd2c za to, \u017ce poruszam tak niewygodne i niemedialne tre\u015bci, \ud83d\ude44 zacz\u0119\u0142am si\u0119 zastanawia\u0107, czy ma sens to wszystko robi\u0107.<\/p>\n<p>Organizowa\u0107 konkursy, o kt\u00f3rych niewiele os\u00f3b si\u0119 dowie. \ud83d\ude1e<\/p>\n<p>Pisa\u0107 o tym, o czym pisze przecie\u017c tyle innych os\u00f3b. \ud83d\ude15<\/p>\n<p>Udost\u0119pnia\u0107 informacje na grupie, z kt\u00f3rych nikt nie skorzysta, bo ich nawet nie zobaczy. \u2639\ufe0f<\/p>\n<p>\ud83d\udce7 I wtedy, kiedy miota\u0142o mn\u0105 takie zw\u0105tpienie, dosta\u0142am maila od Fundacji Polska Koalicja Pacjent\u00f3w Onkologicznych z zaproszeniem do Warszawy i takim za\u0142\u0105cznikiem. \ud83d\udc47<\/p>\n<p>Odebra\u0142o mi mow\u0119. \ud83d\ude36 Wzruszenie mnie po prostu zala\u0142o. \ud83e\udd7a<\/p>\n<p>Nie wiem, kto jest inicjatorem tego, by NOMINOWA\u0106 MNIE DO NAGRODY DLA PACJENTA NIOS\u0104CEGO NADZIEJ\u0118 (dzi\u0119kuj\u0119 Ci Cz\u0142owieku, kimkolwiek jeste\u015b! \ud83d\ude18).<\/p>\n<p>Ale wiem, kto za tym tak naprawd\u0119 stoi \u2013 Wy wszyscy! Ka\u017cda Wasza \u201e\u0142apka w g\u00f3r\u0119\u201d, ka\u017cde mi\u0142e s\u0142owo, ka\u017cdy komentarz, udost\u0119pnienie i prywatna wiadomo\u015b\u0107! \u2764\ufe0f\u2764\ufe0f\u2764\ufe0f\u2764\ufe0f\u2764\ufe0f<\/p>\n<p>Dzi\u0119kuj\u0119 Wam z ca\u0142ego serca. To zaszczyt by\u0107 Waszymi Kolorowymi rakami! \ud83e\udd70<\/p>\n<p>(Kryzys min\u0105\u0142. Jak to zazwyczaj z kryzysami bywa\u2026 \ud83d\ude09)<\/p>\n<hr \/>\n<p><span style=\"color: #33cccc;\"><em>Dajcie zna\u0107 w komentarzach p<span style=\"color: #33cccc;\">od <a style=\"color: #33cccc;\" href=\"https:\/\/cutt.ly\/wJOJjEs\" target=\"_blank\" rel=\"noopener\">dzisiejszym postem na FB<\/a>, jak s<\/span>obie radzicie z kryzysami. Wasze rady mog\u0105 by\u0107 bardzo cenne dla innych!<\/em><\/span><\/p>\n<p><img loading=\"lazy\" class=\"alignnone size-full wp-image-912\" src=\"https:\/\/koloroweraki.pl\/wp-content\/uploads\/2022\/06\/jaskolki-nadziei-nominacje-FIN.png\" alt=\"\" width=\"1275\" height=\"1650\" srcset=\"https:\/\/koloroweraki.pl\/wp-content\/uploads\/2022\/06\/jaskolki-nadziei-nominacje-FIN.png 1275w, https:\/\/koloroweraki.pl\/wp-content\/uploads\/2022\/06\/jaskolki-nadziei-nominacje-FIN-232x300.png 232w, https:\/\/koloroweraki.pl\/wp-content\/uploads\/2022\/06\/jaskolki-nadziei-nominacje-FIN-791x1024.png 791w, https:\/\/koloroweraki.pl\/wp-content\/uploads\/2022\/06\/jaskolki-nadziei-nominacje-FIN-768x994.png 768w, https:\/\/koloroweraki.pl\/wp-content\/uploads\/2022\/06\/jaskolki-nadziei-nominacje-FIN-1187x1536.png 1187w\" sizes=\"(max-width: 767px) 89vw, (max-width: 1000px) 54vw, (max-width: 1071px) 543px, 580px\" \/><\/p>\n","protected":false},"excerpt":{"rendered":"<p>Czy ja nie miewam chwil zw\u0105tpienia? Oczywi\u015bcie, \u017ce miewam! Przesz\u0142am ju\u017c niejeden kryzys emocjonalny. Bywa\u0142y dni, \u017ce wy\u0142am w poduszk\u0119 i nie mia\u0142am si\u0142y si\u0119 podnie\u015b\u0107. \ud83e\udd37 Mia\u0142am momenty, gdy by\u0142o mi tak \u017ale, \u017ce czer\u0144 zakrywa\u0142a mi inne kolory. \ud83d\ude48 \ud83d\udce3 Chc\u0119 o tym m\u00f3wi\u0107 g\u0142o\u015bno i otwarcie.<\/p>\n","protected":false},"author":1,"featured_media":912,"comment_status":"closed","ping_status":"open","sticky":false,"template":"","format":"standard","meta":[],"categories":[1],"tags":[314,466,470,465,468,469,467],"_links":{"self":[{"href":"https:\/\/koloroweraki.pl\/index.php\/wp-json\/wp\/v2\/posts\/911"}],"collection":[{"href":"https:\/\/koloroweraki.pl\/index.php\/wp-json\/wp\/v2\/posts"}],"about":[{"href":"https:\/\/koloroweraki.pl\/index.php\/wp-json\/wp\/v2\/types\/post"}],"author":[{"embeddable":true,"href":"https:\/\/koloroweraki.pl\/index.php\/wp-json\/wp\/v2\/users\/1"}],"replies":[{"embeddable":true,"href":"https:\/\/koloroweraki.pl\/index.php\/wp-json\/wp\/v2\/comments?post=911"}],"version-history":[{"count":4,"href":"https:\/\/koloroweraki.pl\/index.php\/wp-json\/wp\/v2\/posts\/911\/revisions"}],"predecessor-version":[{"id":927,"href":"https:\/\/koloroweraki.pl\/index.php\/wp-json\/wp\/v2\/posts\/911\/revisions\/927"}],"wp:featuredmedia":[{"embeddable":true,"href":"https:\/\/koloroweraki.pl\/index.php\/wp-json\/wp\/v2\/media\/912"}],"wp:attachment":[{"href":"https:\/\/koloroweraki.pl\/index.php\/wp-json\/wp\/v2\/media?parent=911"}],"wp:term":[{"taxonomy":"category","embeddable":true,"href":"https:\/\/koloroweraki.pl\/index.php\/wp-json\/wp\/v2\/categories?post=911"},{"taxonomy":"post_tag","embeddable":true,"href":"https:\/\/koloroweraki.pl\/index.php\/wp-json\/wp\/v2\/tags?post=911"}],"curies":[{"name":"wp","href":"https:\/\/api.w.org\/{rel}","templated":true}]}}