{"id":916,"date":"2022-06-12T09:00:39","date_gmt":"2022-06-12T07:00:39","guid":{"rendered":"https:\/\/koloroweraki.pl\/?p=916"},"modified":"2022-06-06T19:36:23","modified_gmt":"2022-06-06T17:36:23","slug":"biale-koszule","status":"publish","type":"post","link":"https:\/\/koloroweraki.pl\/index.php\/2022\/06\/12\/biale-koszule\/","title":{"rendered":"BIA\u0141E KOSZULE \ud83e\udd7c"},"content":{"rendered":"<p>\u201eNie wygl\u0105dasz jak chora na raka!\u201d<\/p>\n<p>Kto z Was us\u0142ysza\u0142 kiedy\u015b podobne s\u0142owa? \ud83e\uddd0<\/p>\n<p>Nie wiem, jak dla Was, ale dla mnie by\u0142y do\u015b\u0107 irytuj\u0105ce. \ud83d\ude44 Nie ze wzgl\u0119du na to, jak kto\u015b postrzega akurat m\u00f3j konkretny wygl\u0105d, tylko ze wzgl\u0119du na to, jakie jest og\u00f3lne wyobra\u017cenie o pacjentach onkologicznych.<\/p>\n<p><!--more--><br \/>\nJe\u015bli taki pacjent ma jeszcze na tyle przyzwoito\u015bci, by wy\u0142ysie\u0107 lub schudn\u0105\u0107 drastycznie \u2013 to, ok \u2013 mo\u017cna smutno pokiwa\u0107 g\u0142ow\u0105 i przytoczy\u0107 par\u0119 opowie\u015bci, jak to ciotka czy s\u0105siad te\u017c chorowali, ale ju\u017c umarli. \ud83d\udc4c<\/p>\n<p>Ale jak kto\u015b, kto choruje na nowotw\u00f3r z\u0142o\u015bliwy, jest na tyle bezczelny, \u017ce zak\u0142ada peruk\u0119, dokleja rz\u0119sy, idzie na dyskotek\u0119, zawody sportowe, kopie grz\u0105dk\u0119 na dzia\u0142ce lub udaje si\u0119 w wymarzon\u0105 podr\u00f3\u017c \u2013 to ju\u017c za bardzo nie wiadomo, co z nim zrobi\u0107. Najgorzej, jak si\u0119 \u015bmieje.<\/p>\n<p>No nie wygl\u0105da na chorego na raka! \ud83e\udd37\u200d\u2640\ufe0f<br \/>\nNie tak to wygl\u0105da w filmach i reklamach!<br \/>\nWrrrrrrrrrrr\u2026<br \/>\n\ud83d\ude24<\/p>\n<p>\u27a1\ufe0f I nie ma co si\u0119 dziwi\u0107, \u017ce tyle os\u00f3b potem boi si\u0119 podj\u0105\u0107 leczenie.<br \/>\n\u27a1\ufe0f I jak\u017ce \u0142atwo przychodzi ocenianie innych os\u00f3b. Bo co taka g\u00f3wniara z pomalowanymi ustami mo\u017ce wiedzie\u0107 o \u017cyciu?<\/p>\n<p>A\u017c czuj\u0119, jak nerwowo zaciskam szcz\u0119k\u0119 pisz\u0105c te s\u0142owa. \ud83d\ude21<\/p>\n<p>Ale na szcz\u0119\u015bcie jest OSOBA, kt\u00f3ra nie poprzesta\u0142a na zgrzytaniu z\u0119bami i posz\u0142a o krok dalej, tworz\u0105c wspania\u0142y projekt. \u2764\ufe0f<\/p>\n<p>\ud83d\udc49 <a href=\"https:\/\/cutt.ly\/sJOFLLb\" target=\"_blank\" rel=\"noopener\">Zobacz Wi\u0119cej &#8211; projekt fotograficzny Magda Rdest-Nowak<\/a><\/p>\n<p>Magda mobilizuje setki choruj\u0105cych kobiet z ca\u0142ej Polski (w tym i mnie \ud83d\udcaa), ubiera w bia\u0142e koszule \ud83e\udd7c i u\u015bmiechy \ud83d\ude01 i fotografuje na tle r\u00f3\u017cnych miast. \ud83c\udfd8\ud83c\udfe9\u26ea\ufe0f\ud83d\udd4d\ud83c\udfd7\ud83c\udfed\ud83c\udfe2<\/p>\n<p>Fala rozchichotanych dziewuch, kt\u00f3re nie wygl\u0105daj\u0105 na m\u0119czennice, a jednak na co dzie\u0144 mierz\u0105 si\u0119 z chorob\u0105, zalewa kraj. \ud83c\udf0a\ud83c\udf0a\ud83c\udf0a<\/p>\n<p>Dzi\u015b tylko zdj\u0119cie zakulisowe, oficjalnych fotografii z ca\u0142ego projektu wypatrujcie niebawem. \ud83e\udd17<\/p>\n<p>\ud83d\udce3 Ale ju\u017c dzi\u015b, zanim skrytykujecie jak\u0105\u015b \u201ema\u0142olat\u0119 w czerwonej szmince\u201d, \u017ce podchodzi do kasy bez kolejki, zastan\u00f3wcie si\u0119, czy przypadkiem i ona nie ma swojej nie\u0142atwej historii.<\/p>\n<p>B\u0105d\u017amy dla siebie wzajemnie uwa\u017cni, tolerancyjni i empatyczni. \ud83e\udd70<\/p>\n<hr \/>\n<p><span style=\"color: #ff6600;\"><em>Dajcie zna\u0107 pod dzisiejszym postem na <a style=\"color: #ff6600;\" href=\"https:\/\/cutt.ly\/xJOGaRm\" target=\"_blank\" rel=\"noopener\">FB<\/a>, czy te\u017c s\u0142yszycie czasami uwagi na temat tego, \u017ce &#8222;nie wygl\u0105dacie&#8221; ? I czy znacie projekt Magdy? A mo\u017ce te\u017c bierzecie w nim udzia\u0142?<\/em><\/span><\/p>\n<p><img loading=\"lazy\" class=\"alignnone size-full wp-image-917\" src=\"https:\/\/koloroweraki.pl\/wp-content\/uploads\/2022\/06\/zobaczwiecej.png\" alt=\"\" width=\"1080\" height=\"1080\" srcset=\"https:\/\/koloroweraki.pl\/wp-content\/uploads\/2022\/06\/zobaczwiecej.png 1080w, https:\/\/koloroweraki.pl\/wp-content\/uploads\/2022\/06\/zobaczwiecej-300x300.png 300w, https:\/\/koloroweraki.pl\/wp-content\/uploads\/2022\/06\/zobaczwiecej-1024x1024.png 1024w, https:\/\/koloroweraki.pl\/wp-content\/uploads\/2022\/06\/zobaczwiecej-150x150.png 150w, https:\/\/koloroweraki.pl\/wp-content\/uploads\/2022\/06\/zobaczwiecej-768x768.png 768w, https:\/\/koloroweraki.pl\/wp-content\/uploads\/2022\/06\/zobaczwiecej-100x100.png 100w\" sizes=\"(max-width: 767px) 89vw, (max-width: 1000px) 54vw, (max-width: 1071px) 543px, 580px\" \/><\/p>\n","protected":false},"excerpt":{"rendered":"<p>\u201eNie wygl\u0105dasz jak chora na raka!\u201d Kto z Was us\u0142ysza\u0142 kiedy\u015b podobne s\u0142owa? \ud83e\uddd0 Nie wiem, jak dla Was, ale dla mnie by\u0142y do\u015b\u0107 irytuj\u0105ce. \ud83d\ude44 Nie ze wzgl\u0119du na to, jak kto\u015b postrzega akurat m\u00f3j konkretny wygl\u0105d, tylko ze wzgl\u0119du na to, jakie jest og\u00f3lne wyobra\u017cenie o pacjentach onkologicznych.<\/p>\n","protected":false},"author":1,"featured_media":917,"comment_status":"closed","ping_status":"open","sticky":false,"template":"","format":"standard","meta":[],"categories":[1,6],"tags":[472,475,473,474,471],"_links":{"self":[{"href":"https:\/\/koloroweraki.pl\/index.php\/wp-json\/wp\/v2\/posts\/916"}],"collection":[{"href":"https:\/\/koloroweraki.pl\/index.php\/wp-json\/wp\/v2\/posts"}],"about":[{"href":"https:\/\/koloroweraki.pl\/index.php\/wp-json\/wp\/v2\/types\/post"}],"author":[{"embeddable":true,"href":"https:\/\/koloroweraki.pl\/index.php\/wp-json\/wp\/v2\/users\/1"}],"replies":[{"embeddable":true,"href":"https:\/\/koloroweraki.pl\/index.php\/wp-json\/wp\/v2\/comments?post=916"}],"version-history":[{"count":2,"href":"https:\/\/koloroweraki.pl\/index.php\/wp-json\/wp\/v2\/posts\/916\/revisions"}],"predecessor-version":[{"id":919,"href":"https:\/\/koloroweraki.pl\/index.php\/wp-json\/wp\/v2\/posts\/916\/revisions\/919"}],"wp:featuredmedia":[{"embeddable":true,"href":"https:\/\/koloroweraki.pl\/index.php\/wp-json\/wp\/v2\/media\/917"}],"wp:attachment":[{"href":"https:\/\/koloroweraki.pl\/index.php\/wp-json\/wp\/v2\/media?parent=916"}],"wp:term":[{"taxonomy":"category","embeddable":true,"href":"https:\/\/koloroweraki.pl\/index.php\/wp-json\/wp\/v2\/categories?post=916"},{"taxonomy":"post_tag","embeddable":true,"href":"https:\/\/koloroweraki.pl\/index.php\/wp-json\/wp\/v2\/tags?post=916"}],"curies":[{"name":"wp","href":"https:\/\/api.w.org\/{rel}","templated":true}]}}